{"id":17496,"date":"2023-05-19T10:00:16","date_gmt":"2023-05-19T10:00:16","guid":{"rendered":"https:\/\/www.data4group.com\/aktualnosci-data4\/data4-zapowiada-nowy-kampus-centrow-obliczeniowych-we-francji\/"},"modified":"2023-05-19T10:18:02","modified_gmt":"2023-05-19T10:18:02","slug":"data4-zapowiada-nowy-kampus-centrow-obliczeniowych-we-francji","status":"publish","type":"post","link":"https:\/\/www.data4group.com\/pl\/aktualnosci-data4\/data4-zapowiada-nowy-kampus-centrow-obliczeniowych-we-francji\/","title":{"rendered":"Data4 zapowiada nowy kampus centr\u00f3w obliczeniowych we Francji"},"content":{"rendered":"\n<p>Grupa Data4 \u2013 du\u017ca firma francuska z sektora inwestycji i eksploatacji centr\u00f3w obliczeniowych w Europie \u2013 zapowiada utworzenie nowego kampusu centr\u00f3w obliczeniowych w Nozay (departament Essonne), w dawnych obiektach Nokii. Projekt ten, w kt\u00f3ry do 2030 r. zostanie zainwestowana kwota oko\u0142o miliarda euro, ma na celu rewitalizacj\u0119 22 hektar\u00f3w teren\u00f3w przemys\u0142owo-biurowych, co potwierdza zaanga\u017cowanie grupy w regionie paryskim.<\/p>\n\n\n\n<h2 class=\"wp-block-heading\">Zaanga\u017cowanie w zr\u00f3wnowa\u017cony rozw\u00f3j i transformacj\u0119 energetyczn\u0105<\/h2>\n\n\n\n<p>Ekspansja ta jest elementem strategii Data4 zmierzaj\u0105cej do osi\u0105gni\u0119cia mocy 1 GW i zaj\u0119cia pozycji wzorcowego podmiotu europejskiego sektora centr\u00f3w obliczeniowych. Nowy obiekt w Nozay (PAR3) uzupe\u0142ni dwa istniej\u0105ce ju\u017c kampusy Data4 w Marcoussis (PAR1 oraz PAR2) i zwi\u0119kszy \u0142\u0105czn\u0105 moc dost\u0119pn\u0105 w tych trzech obiektach do 375 MW. Dzi\u0119ki blisko\u015bci geograficznej klienci b\u0119d\u0105 mogli korzysta\u0107 z wi\u0119kszej zdolno\u015bci przy\u0142\u0105czeniowej, niewielkich op\u00f3\u017anie\u0144 i wi\u0119kszej redundancji.<\/p>\n\n\n\n<p>Ponadto Data4 anga\u017cuje si\u0119 we wspieranie rozwoju ekodzielnicy w Nozay poprzez ponowne wykorzystywanie we wsp\u00f3\u0142pracy z merostwem miasta szkodliwego ciep\u0142a wytwarzanego przez centra obliczeniowe grupy. Projekt ten pozwoli zmniejszy\u0107 \u015blad w\u0119glowy tej miejscowo\u015bci i przyczyni si\u0119 do transformacji ekologicznej, energetycznej i gospodarczej regionu.<\/p>\n\n\n\n<p>Nowy kampus centr\u00f3w obliczeniowych b\u0119dzie te\u017c wzorcem w zakresie zr\u00f3wnowa\u017conego rozwoju dzi\u0119ki stosowaniu przez grup\u0119 Data4 norm i certyfikat\u00f3w, takich jak norma ISO 50001 i europejski kodeks post\u0119powania. Ponadto obiekt otrzyma znak BREEAM \u2013 mi\u0119dzynarodowe oznaczenie oceniaj\u0105ce projekty architektoniczne wed\u0142ug kryteri\u00f3w poszanowania \u015brodowiska, gospodarki energetycznej, wodnej i gospodarki odpadami, zr\u00f3wnowa\u017conego transportu i dobrostanu u\u017cytkownik\u00f3w.<\/p>\n\n\n\n<h2 class=\"wp-block-heading\">Korzystny wp\u0142yw na lokaln\u0105 gospodark\u0119 i bior\u00f3\u017cnorodno\u015b\u0107<\/h2>\n\n\n\n<p>Budowa obiektu Data4 w Nozay pozwoli o\u017cywi\u0107 lokaln\u0105 gospodark\u0119 poprzez utworzenie oko\u0142o 500 miejsc pracy, zar\u00f3wno bezpo\u015brednich, jak i uzupe\u0142niaj\u0105cych stanowisk po\u015brednich. Ponadto organizacja przyznaj\u0105ca oznaczenie BREEAM uwzgl\u0119dni bior\u00f3\u017cnorodno\u015b\u0107 obiektu w jego aktualnym stanie i zaproponuje drogi doskonalenia, \u017ceby jeszcze lepiej chroni\u0107 i rozwija\u0107 bior\u00f3\u017cnorodno\u015b\u0107 w obiekcie we wsp\u00f3\u0142pracy z in\u017cynierem ekologiem.<\/p>\n\n\n\n<p>Ten szeroko zakrojony projekt \u015bwiadczy o tym, \u017ce Data4 chce pogodzi\u0107 wzrost, odpowiedzialno\u015b\u0107 za \u015brodowisko i zaanga\u017cowanie na rzecz lokalnej spo\u0142eczno\u015bci ze zr\u00f3wnowa\u017conym rozwojem i transformacj\u0105 energetyczn\u0105 regionu paryskiego.<\/p>\n\n\n\n<h2 class=\"wp-block-heading\">\u015acis\u0142a wsp\u00f3\u0142praca z lokalnymi podmiotami w ramach projektu ekologicznego i ekonomicznego<\/h2>\n\n\n\n<p>Projekt kampusu centr\u00f3w obliczeniowych w Nozay jest efektem \u015bcis\u0142ej wsp\u00f3\u0142pracy Data4 z lokalnymi podmiotami, zw\u0142aszcza z merostwem Nozay i aglomeracj\u0105 Pary\u017c-Saclay. Opr\u00f3cz wsparcia rozwoju ekodzielnicy wsp\u00f3\u0142praca ta ma na celu przekszta\u0142cenie dawnej siedziby oddzia\u0142u Nokii w dynamiczn\u0105 stref\u0119 ekonomiczn\u0105 stanowi\u0105c\u0105 dla miasta zag\u0142\u0119bie atrakcyjnych miejsc pracy.<\/p>\n\n\n\n<p>Didier Perrier, mer Nozay, podkre\u015bli\u0142 znaczenie projektu dla gminy, wskazuj\u0105c na jego potencja\u0142 przyci\u0105gania lokalnego handlu i wsparcia ekologicznej, energetycznej oraz gospodarczej transformacji miasteczka. Kampus o\u015brodk\u00f3w obliczeniowych i inkubator\u00f3w b\u0119dzie jednym z najwi\u0119kszych w \u00cele-de-France i przyczyni si\u0119 do zwi\u0119kszenia atrakcyjno\u015bci regionu.<\/p>\n\n\n\n<p>Nabycie obiektu Nokii w Nozay i utworzenie nowego kampusu centr\u00f3w obliczeniowych podkre\u015bla d\u0142ugofalowe zaanga\u017cowanie Data4 w zr\u00f3wnowa\u017cony rozw\u00f3j i wsparcie lokalnego ekosystemu. Ponowne wykorzystanie szkodliwego ciep\u0142a wytwarzanego przez centra obliczeniowe, stosowanie najsurowszych norm \u015brodowiskowych oraz zachowanie bior\u00f3\u017cnorodno\u015bci lokalizacji to dowody tego zaanga\u017cowania. R\u00f3wnolegle ze staraniami zmierzaj\u0105cymi do zmniejszenia stopnia denaturacji gleb i rewitalizacji teren\u00f3w poprzemys\u0142owych Data4 d\u0105\u017cy do wdra\u017cania innowacji i wsp\u00f3\u0142pracy z lokalnymi podmiotami w celu wytworzenia synergii oraz wsparcia zr\u00f3wnowa\u017conego, odpowiedzialnego wzrostu. Poprzez ten projekt Data4 wykazuje si\u0119 zdolno\u015bci\u0105 do \u0142\u0105czenia efektywno\u015bci ekonomicznej, odpowiedzialno\u015bci za \u015brodowisko i zaanga\u017cowania spo\u0142ecznego, co czyni z nowego kampusu centr\u00f3w obliczeniowych wz\u00f3r na przysz\u0142o\u015b\u0107 dla tego sektora.<\/p>\n","protected":false},"excerpt":{"rendered":"<p>Grupa Data4 \u2013 du\u017ca firma francuska z sektora inwestycji i eksploatacji centr\u00f3w obliczeniowych w Europie \u2013 zapowiada utworzenie nowego kampusu centr\u00f3w obliczeniowych w Nozay (departament Essonne), w dawnych obiektach Nokii. Projekt ten, w kt\u00f3ry do 2030 r. zostanie zainwestowana kwota oko\u0142o miliarda euro, ma na celu rewitalizacj\u0119 22 hektar\u00f3w teren\u00f3w przemys\u0142owo-biurowych, co potwierdza zaanga\u017cowanie grupy [&hellip;]<\/p>\n","protected":false},"author":18,"featured_media":0,"comment_status":"closed","ping_status":"closed","sticky":false,"template":"","format":"standard","meta":{"_acf_changed":false,"footnotes":""},"categories":[375],"tags":[],"class_list":["post-17496","post","type-post","status-publish","format-standard","hentry","category-aktualnosci-data4"],"acf":[],"yoast_head":"<!-- This site is optimized with the Yoast SEO plugin v27.4 - https:\/\/yoast.com\/product\/yoast-seo-wordpress\/ -->\n<title>Data4 zapowiada nowy kampus centr\u00f3w obliczeniowych we Francji - DATA4<\/title>\n<meta name=\"robots\" content=\"index, follow, max-snippet:-1, max-image-preview:large, max-video-preview:-1\" \/>\n<link rel=\"canonical\" href=\"https:\/\/www.data4group.com\/pl\/aktualnosci-data4\/data4-zapowiada-nowy-kampus-centrow-obliczeniowych-we-francji\/\" \/>\n<meta property=\"og:locale\" content=\"pl_PL\" \/>\n<meta property=\"og:type\" content=\"article\" \/>\n<meta property=\"og:title\" content=\"Data4 zapowiada nowy kampus centr\u00f3w obliczeniowych we Francji - DATA4\" \/>\n<meta property=\"og:description\" content=\"Grupa Data4 \u2013 du\u017ca firma francuska z sektora inwestycji i eksploatacji centr\u00f3w obliczeniowych w Europie \u2013 zapowiada utworzenie nowego kampusu centr\u00f3w obliczeniowych w Nozay (departament Essonne), w dawnych obiektach Nokii. Projekt ten, w kt\u00f3ry do 2030 r. zostanie zainwestowana kwota oko\u0142o miliarda euro, ma na celu rewitalizacj\u0119 22 hektar\u00f3w teren\u00f3w przemys\u0142owo-biurowych, co potwierdza zaanga\u017cowanie grupy [&hellip;]\" \/>\n<meta property=\"og:url\" content=\"https:\/\/www.data4group.com\/pl\/aktualnosci-data4\/data4-zapowiada-nowy-kampus-centrow-obliczeniowych-we-francji\/\" \/>\n<meta property=\"og:site_name\" content=\"DATA4 - Smart Data Centers at Scale\" \/>\n<meta property=\"article:published_time\" content=\"2023-05-19T10:00:16+00:00\" \/>\n<meta property=\"article:modified_time\" content=\"2023-05-19T10:18:02+00:00\" \/>\n<meta name=\"author\" content=\"Anne-Sophie David\" \/>\n<meta name=\"twitter:card\" content=\"summary_large_image\" \/>\n<meta name=\"twitter:label1\" content=\"Napisane przez\" \/>\n\t<meta name=\"twitter:data1\" content=\"Anne-Sophie David\" \/>\n\t<meta name=\"twitter:label2\" content=\"Szacowany czas czytania\" \/>\n\t<meta name=\"twitter:data2\" content=\"3 minuty\" \/>\n<script type=\"application\/ld+json\" class=\"yoast-schema-graph\">{\"@context\":\"https:\\\/\\\/schema.org\",\"@graph\":[{\"@type\":\"Article\",\"@id\":\"https:\\\/\\\/www.data4group.com\\\/pl\\\/aktualnosci-data4\\\/data4-zapowiada-nowy-kampus-centrow-obliczeniowych-we-francji\\\/#article\",\"isPartOf\":{\"@id\":\"https:\\\/\\\/www.data4group.com\\\/pl\\\/aktualnosci-data4\\\/data4-zapowiada-nowy-kampus-centrow-obliczeniowych-we-francji\\\/\"},\"author\":{\"name\":\"Anne-Sophie David\",\"@id\":\"https:\\\/\\\/www.data4group.com\\\/pl\\\/#\\\/schema\\\/person\\\/718022de842d5a0e4d0a5b1bfacfe188\"},\"headline\":\"Data4 zapowiada nowy kampus centr\u00f3w obliczeniowych we Francji\",\"datePublished\":\"2023-05-19T10:00:16+00:00\",\"dateModified\":\"2023-05-19T10:18:02+00:00\",\"mainEntityOfPage\":{\"@id\":\"https:\\\/\\\/www.data4group.com\\\/pl\\\/aktualnosci-data4\\\/data4-zapowiada-nowy-kampus-centrow-obliczeniowych-we-francji\\\/\"},\"wordCount\":639,\"publisher\":{\"@id\":\"https:\\\/\\\/www.data4group.com\\\/pl\\\/#organization\"},\"articleSection\":[\"Wiadomo\u015bci od Data4\"],\"inLanguage\":\"pl-PL\"},{\"@type\":\"WebPage\",\"@id\":\"https:\\\/\\\/www.data4group.com\\\/pl\\\/aktualnosci-data4\\\/data4-zapowiada-nowy-kampus-centrow-obliczeniowych-we-francji\\\/\",\"url\":\"https:\\\/\\\/www.data4group.com\\\/pl\\\/aktualnosci-data4\\\/data4-zapowiada-nowy-kampus-centrow-obliczeniowych-we-francji\\\/\",\"name\":\"Data4 zapowiada nowy kampus centr\u00f3w obliczeniowych we Francji - DATA4\",\"isPartOf\":{\"@id\":\"https:\\\/\\\/www.data4group.com\\\/pl\\\/#website\"},\"datePublished\":\"2023-05-19T10:00:16+00:00\",\"dateModified\":\"2023-05-19T10:18:02+00:00\",\"breadcrumb\":{\"@id\":\"https:\\\/\\\/www.data4group.com\\\/pl\\\/aktualnosci-data4\\\/data4-zapowiada-nowy-kampus-centrow-obliczeniowych-we-francji\\\/#breadcrumb\"},\"inLanguage\":\"pl-PL\",\"potentialAction\":[{\"@type\":\"ReadAction\",\"target\":[\"https:\\\/\\\/www.data4group.com\\\/pl\\\/aktualnosci-data4\\\/data4-zapowiada-nowy-kampus-centrow-obliczeniowych-we-francji\\\/\"]}]},{\"@type\":\"BreadcrumbList\",\"@id\":\"https:\\\/\\\/www.data4group.com\\\/pl\\\/aktualnosci-data4\\\/data4-zapowiada-nowy-kampus-centrow-obliczeniowych-we-francji\\\/#breadcrumb\",\"itemListElement\":[{\"@type\":\"ListItem\",\"position\":1,\"name\":\"Strona g\u0142\u00f3wna\",\"item\":\"https:\\\/\\\/www.data4group.com\\\/pl\\\/\"},{\"@type\":\"ListItem\",\"position\":2,\"name\":\"Data4 zapowiada nowy kampus centr\u00f3w obliczeniowych we Francji\"}]},{\"@type\":\"WebSite\",\"@id\":\"https:\\\/\\\/www.data4group.com\\\/pl\\\/#website\",\"url\":\"https:\\\/\\\/www.data4group.com\\\/pl\\\/\",\"name\":\"DATA4 - Smart Data Centers at Scale\",\"description\":\"Smart Data Centers at Scale\",\"publisher\":{\"@id\":\"https:\\\/\\\/www.data4group.com\\\/pl\\\/#organization\"},\"potentialAction\":[{\"@type\":\"SearchAction\",\"target\":{\"@type\":\"EntryPoint\",\"urlTemplate\":\"https:\\\/\\\/www.data4group.com\\\/pl\\\/?s={search_term_string}\"},\"query-input\":{\"@type\":\"PropertyValueSpecification\",\"valueRequired\":true,\"valueName\":\"search_term_string\"}}],\"inLanguage\":\"pl-PL\"},{\"@type\":\"Organization\",\"@id\":\"https:\\\/\\\/www.data4group.com\\\/pl\\\/#organization\",\"name\":\"DATA4 - Smart datacenters at scale\",\"url\":\"https:\\\/\\\/www.data4group.com\\\/pl\\\/\",\"logo\":{\"@type\":\"ImageObject\",\"inLanguage\":\"pl-PL\",\"@id\":\"https:\\\/\\\/www.data4group.com\\\/pl\\\/#\\\/schema\\\/logo\\\/image\\\/\",\"url\":\"https:\\\/\\\/www.data4group.com\\\/wp-content\\\/uploads\\\/2021\\\/10\\\/data4-logo.svg\",\"contentUrl\":\"https:\\\/\\\/www.data4group.com\\\/wp-content\\\/uploads\\\/2021\\\/10\\\/data4-logo.svg\",\"width\":981,\"height\":558,\"caption\":\"DATA4 - Smart datacenters at scale\"},\"image\":{\"@id\":\"https:\\\/\\\/www.data4group.com\\\/pl\\\/#\\\/schema\\\/logo\\\/image\\\/\"}},{\"@type\":\"Person\",\"@id\":\"https:\\\/\\\/www.data4group.com\\\/pl\\\/#\\\/schema\\\/person\\\/718022de842d5a0e4d0a5b1bfacfe188\",\"name\":\"Anne-Sophie David\",\"image\":{\"@type\":\"ImageObject\",\"inLanguage\":\"pl-PL\",\"@id\":\"https:\\\/\\\/secure.gravatar.com\\\/avatar\\\/88077e2791076d226a6a9fda5527a3bc31d43ec3b06d8a653e32b72dbe7d991b?s=96&d=mm&r=g\",\"url\":\"https:\\\/\\\/secure.gravatar.com\\\/avatar\\\/88077e2791076d226a6a9fda5527a3bc31d43ec3b06d8a653e32b72dbe7d991b?s=96&d=mm&r=g\",\"contentUrl\":\"https:\\\/\\\/secure.gravatar.com\\\/avatar\\\/88077e2791076d226a6a9fda5527a3bc31d43ec3b06d8a653e32b72dbe7d991b?s=96&d=mm&r=g\",\"caption\":\"Anne-Sophie David\"}}]}<\/script>\n<!-- \/ Yoast SEO plugin. -->","yoast_head_json":{"title":"Data4 zapowiada nowy kampus centr\u00f3w obliczeniowych we Francji - DATA4","robots":{"index":"index","follow":"follow","max-snippet":"max-snippet:-1","max-image-preview":"max-image-preview:large","max-video-preview":"max-video-preview:-1"},"canonical":"https:\/\/www.data4group.com\/pl\/aktualnosci-data4\/data4-zapowiada-nowy-kampus-centrow-obliczeniowych-we-francji\/","og_locale":"pl_PL","og_type":"article","og_title":"Data4 zapowiada nowy kampus centr\u00f3w obliczeniowych we Francji - DATA4","og_description":"Grupa Data4 \u2013 du\u017ca firma francuska z sektora inwestycji i eksploatacji centr\u00f3w obliczeniowych w Europie \u2013 zapowiada utworzenie nowego kampusu centr\u00f3w obliczeniowych w Nozay (departament Essonne), w dawnych obiektach Nokii. Projekt ten, w kt\u00f3ry do 2030 r. zostanie zainwestowana kwota oko\u0142o miliarda euro, ma na celu rewitalizacj\u0119 22 hektar\u00f3w teren\u00f3w przemys\u0142owo-biurowych, co potwierdza zaanga\u017cowanie grupy [&hellip;]","og_url":"https:\/\/www.data4group.com\/pl\/aktualnosci-data4\/data4-zapowiada-nowy-kampus-centrow-obliczeniowych-we-francji\/","og_site_name":"DATA4 - Smart Data Centers at Scale","article_published_time":"2023-05-19T10:00:16+00:00","article_modified_time":"2023-05-19T10:18:02+00:00","author":"Anne-Sophie David","twitter_card":"summary_large_image","twitter_misc":{"Napisane przez":"Anne-Sophie David","Szacowany czas czytania":"3 minuty"},"schema":{"@context":"https:\/\/schema.org","@graph":[{"@type":"Article","@id":"https:\/\/www.data4group.com\/pl\/aktualnosci-data4\/data4-zapowiada-nowy-kampus-centrow-obliczeniowych-we-francji\/#article","isPartOf":{"@id":"https:\/\/www.data4group.com\/pl\/aktualnosci-data4\/data4-zapowiada-nowy-kampus-centrow-obliczeniowych-we-francji\/"},"author":{"name":"Anne-Sophie David","@id":"https:\/\/www.data4group.com\/pl\/#\/schema\/person\/718022de842d5a0e4d0a5b1bfacfe188"},"headline":"Data4 zapowiada nowy kampus centr\u00f3w obliczeniowych we Francji","datePublished":"2023-05-19T10:00:16+00:00","dateModified":"2023-05-19T10:18:02+00:00","mainEntityOfPage":{"@id":"https:\/\/www.data4group.com\/pl\/aktualnosci-data4\/data4-zapowiada-nowy-kampus-centrow-obliczeniowych-we-francji\/"},"wordCount":639,"publisher":{"@id":"https:\/\/www.data4group.com\/pl\/#organization"},"articleSection":["Wiadomo\u015bci od Data4"],"inLanguage":"pl-PL"},{"@type":"WebPage","@id":"https:\/\/www.data4group.com\/pl\/aktualnosci-data4\/data4-zapowiada-nowy-kampus-centrow-obliczeniowych-we-francji\/","url":"https:\/\/www.data4group.com\/pl\/aktualnosci-data4\/data4-zapowiada-nowy-kampus-centrow-obliczeniowych-we-francji\/","name":"Data4 zapowiada nowy kampus centr\u00f3w obliczeniowych we Francji - DATA4","isPartOf":{"@id":"https:\/\/www.data4group.com\/pl\/#website"},"datePublished":"2023-05-19T10:00:16+00:00","dateModified":"2023-05-19T10:18:02+00:00","breadcrumb":{"@id":"https:\/\/www.data4group.com\/pl\/aktualnosci-data4\/data4-zapowiada-nowy-kampus-centrow-obliczeniowych-we-francji\/#breadcrumb"},"inLanguage":"pl-PL","potentialAction":[{"@type":"ReadAction","target":["https:\/\/www.data4group.com\/pl\/aktualnosci-data4\/data4-zapowiada-nowy-kampus-centrow-obliczeniowych-we-francji\/"]}]},{"@type":"BreadcrumbList","@id":"https:\/\/www.data4group.com\/pl\/aktualnosci-data4\/data4-zapowiada-nowy-kampus-centrow-obliczeniowych-we-francji\/#breadcrumb","itemListElement":[{"@type":"ListItem","position":1,"name":"Strona g\u0142\u00f3wna","item":"https:\/\/www.data4group.com\/pl\/"},{"@type":"ListItem","position":2,"name":"Data4 zapowiada nowy kampus centr\u00f3w obliczeniowych we Francji"}]},{"@type":"WebSite","@id":"https:\/\/www.data4group.com\/pl\/#website","url":"https:\/\/www.data4group.com\/pl\/","name":"DATA4 - Smart Data Centers at Scale","description":"Smart Data Centers at Scale","publisher":{"@id":"https:\/\/www.data4group.com\/pl\/#organization"},"potentialAction":[{"@type":"SearchAction","target":{"@type":"EntryPoint","urlTemplate":"https:\/\/www.data4group.com\/pl\/?s={search_term_string}"},"query-input":{"@type":"PropertyValueSpecification","valueRequired":true,"valueName":"search_term_string"}}],"inLanguage":"pl-PL"},{"@type":"Organization","@id":"https:\/\/www.data4group.com\/pl\/#organization","name":"DATA4 - Smart datacenters at scale","url":"https:\/\/www.data4group.com\/pl\/","logo":{"@type":"ImageObject","inLanguage":"pl-PL","@id":"https:\/\/www.data4group.com\/pl\/#\/schema\/logo\/image\/","url":"https:\/\/www.data4group.com\/wp-content\/uploads\/2021\/10\/data4-logo.svg","contentUrl":"https:\/\/www.data4group.com\/wp-content\/uploads\/2021\/10\/data4-logo.svg","width":981,"height":558,"caption":"DATA4 - Smart datacenters at scale"},"image":{"@id":"https:\/\/www.data4group.com\/pl\/#\/schema\/logo\/image\/"}},{"@type":"Person","@id":"https:\/\/www.data4group.com\/pl\/#\/schema\/person\/718022de842d5a0e4d0a5b1bfacfe188","name":"Anne-Sophie David","image":{"@type":"ImageObject","inLanguage":"pl-PL","@id":"https:\/\/secure.gravatar.com\/avatar\/88077e2791076d226a6a9fda5527a3bc31d43ec3b06d8a653e32b72dbe7d991b?s=96&d=mm&r=g","url":"https:\/\/secure.gravatar.com\/avatar\/88077e2791076d226a6a9fda5527a3bc31d43ec3b06d8a653e32b72dbe7d991b?s=96&d=mm&r=g","contentUrl":"https:\/\/secure.gravatar.com\/avatar\/88077e2791076d226a6a9fda5527a3bc31d43ec3b06d8a653e32b72dbe7d991b?s=96&d=mm&r=g","caption":"Anne-Sophie David"}}]}},"_links":{"self":[{"href":"https:\/\/www.data4group.com\/pl\/wp-json\/wp\/v2\/posts\/17496","targetHints":{"allow":["GET"]}}],"collection":[{"href":"https:\/\/www.data4group.com\/pl\/wp-json\/wp\/v2\/posts"}],"about":[{"href":"https:\/\/www.data4group.com\/pl\/wp-json\/wp\/v2\/types\/post"}],"author":[{"embeddable":true,"href":"https:\/\/www.data4group.com\/pl\/wp-json\/wp\/v2\/users\/18"}],"replies":[{"embeddable":true,"href":"https:\/\/www.data4group.com\/pl\/wp-json\/wp\/v2\/comments?post=17496"}],"version-history":[{"count":0,"href":"https:\/\/www.data4group.com\/pl\/wp-json\/wp\/v2\/posts\/17496\/revisions"}],"wp:attachment":[{"href":"https:\/\/www.data4group.com\/pl\/wp-json\/wp\/v2\/media?parent=17496"}],"wp:term":[{"taxonomy":"category","embeddable":true,"href":"https:\/\/www.data4group.com\/pl\/wp-json\/wp\/v2\/categories?post=17496"},{"taxonomy":"post_tag","embeddable":true,"href":"https:\/\/www.data4group.com\/pl\/wp-json\/wp\/v2\/tags?post=17496"}],"curies":[{"name":"wp","href":"https:\/\/api.w.org\/{rel}","templated":true}]}}