{"id":17577,"date":"2023-03-17T13:34:14","date_gmt":"2023-03-17T12:34:14","guid":{"rendered":"https:\/\/www.data4group.com\/news-data4\/data4-accelerates-its-contribution-to-global-carbon-neutrality\/"},"modified":"2023-06-02T10:36:37","modified_gmt":"2023-06-02T08:36:37","slug":"data4-accelerates-its-contribution-to-global-carbon-neutrality","status":"publish","type":"post","link":"https:\/\/www.data4group.com\/en\/csr\/data4-accelerates-its-contribution-to-global-carbon-neutrality\/","title":{"rendered":"Data4 accelerates its contribution to global carbon neutrality"},"content":{"rendered":"\n<p>On the occasion of the\u00a0<strong>International Day of Forests on 21 March<\/strong>, Data4 provides an update on its current commitments and projects in the area of forest preservation, a key part of its environmental strategy.<\/p>\n\n<p>The Data4 group has long been committed to a dynamic environmental approach and intends to\u00a0<strong>balance digital transition and sustainable development<\/strong>\u00a0through its ambitious sustainable development programme,\u00a0<a href=\"https:\/\/www.data4group.com\/en\/our-sustainable-development-policy\/\" target=\"_blank\" rel=\"noreferrer noopener\">Data4Good<\/a>. One of the many actions undertaken is to preserve ecosystems and natural resources in the long term.<\/p>\n\n<p>The group is involved in a partnership with forestry operators, through the\u00a0<a href=\"https:\/\/www.fransylva.fr\/equipe-fransylva-services.html\" target=\"_blank\" rel=\"noreferrer noopener\">F\u00e9d\u00e9ration des Syndicats de Forestiers Priv\u00e9s de France, Fransylva Services<\/a>, in order to contribute to the creation of forest carbon sinks, to the preservation of biodiversity, but also to the protection of soils, the preservation of water and to projects with social and economic benefits.<\/p>\n\n<p>In this way, Data4 contributes in a very concrete way to the reinforcement of the forest cover, thanks to its\u00a0<strong>financial contribution to various projects bearing the \u201cLow Carbon Label\u201d<\/strong>. Numerous species are planted each year, enabling CO2 emissions to be sequestered in the years to come.&#13;\n&#13;\nThese projects make it possible to sequester the\u00a0<strong>equivalent of the greenhouse gas (GHG) emissions of scopes 1 and 2<\/strong>\u00a0recorded over one year for all the group\u2019s activities in Europe<\/p>\n\n<h2 class=\"wp-block-heading\"><h2 class=\"wp-block-heading\"><strong>A STRONG INVOLVEMENT OF THE GROUP WITH FRANSYLVA SERVICES<\/strong><\/h2><\/h2>\n\n<p>Although Data4\u2019s priority\u00a0<strong>remains the reduction of GHG<\/strong>\u00a0emissions through the implementation of numerous structural actions, it is not possible to completely cancel them all out.<\/p>\n\n<p>The group has therefore decided to become involved in a contribution to global carbon neutrality through the creation of natural carbon sinks. This is the work carried out with\u00a0<strong>Fransylva Services<\/strong>, a major forestry player that has been involved for 70 years with more than 50,000 forest owners, representing 2.5 million hectares of woodland, i.e. nearly 25% of the surface area of French private forests.<\/p>\n\n<p>\u201cThe forest is our ally in achieving global carbon neutrality: thanks to their growth, trees absorb carbon through photosynthesis, they produce a material that stores carbon sustainably, and replace fossil materials. At the same time, this forest is suffering from global warming, which is progressing ten times faster than the trees\u2019 natural capacity to adapt, and is threatening the resilience of the French forest and all the biodiversity it shelters every year. Financial support for foresters who adapt, replant and diversify species with humility and passion is essential,\u201d explains\u00a0<strong>Hortense Wiart, Carbon Project Manager at Fransylva<\/strong>.<\/p>\n\n<p><strong>The ongoing afforestation projects supported by Data4 will<\/strong>, in addition to carbon sequestration, also\u00a0:<\/p>\n\n<ul class=\"wp-block-list\">\n<li>Contribute locally to the renewal of the French forest<\/li>\n\n\n\n<li>Facilitate its adaptation to climate change<\/li>\n\n\n\n<li>Protect biodiversity<\/li>\n\n\n\n<li>Provide alternative materials to fossil fuels for construction<\/li>\n\n\n\n<li>Developing local employment<\/li>\n<\/ul>\n\n<p>\u00a0<\/p>\n<div class=\"wp-block-image\">\n<figure class=\"aligncenter size-full is-resized\"><img loading=\"lazy\" decoding=\"async\" src=\"https:\/\/www.data4group.com\/wp-content\/uploads\/2023\/03\/image-3.png\" alt=\" &#10;\" class=\"wp-image-15794\" width=\"860\" height=\"474\"\/><\/figure><\/div>\n<h2 class=\"wp-block-heading\"><h2 class=\"wp-block-heading\"><strong>AMBITIOUS AFFORESTATION PROJECTS IN 2022\u2026<\/strong><\/h2><\/h2>\n\n<p>During 2022, in order to sequester the equivalent of the GHG emissions of scopes 1 and 2 of the year 2021,\u00a0<strong>Data4 financed two planting projects.<\/strong><\/p>\n\n<p>The first planting project carried out in 2022, located in\u00a0<strong>Verneuil (Ni\u00e8vre department)<\/strong>, concerned a project to afforest abandoned agricultural land over an area of 5.5 hectares. This site is located in a PEFC-certified forest, which promotes a balance between the environmental, societal and economic dimensions.<\/p>\n<div class=\"wp-block-image\">\n<figure class=\"aligncenter size-full is-resized\"><img loading=\"lazy\" decoding=\"async\" src=\"https:\/\/www.data4group.com\/wp-content\/uploads\/2023\/03\/image-4.png\" alt=\"Photo of the planting project in Verneuil&#13;&#10;\" class=\"wp-image-15799\" width=\"549\" height=\"412\" srcset=\"https:\/\/www.data4group.com\/wp-content\/uploads\/2023\/03\/image-4.png 737w, https:\/\/www.data4group.com\/wp-content\/uploads\/2023\/03\/image-4-300x225.png 300w\" sizes=\"auto, (max-width: 549px) 100vw, 549px\" \/><\/figure><\/div>\n<p>The owner of this land wanted to\u00a0<strong>reconstitute a forest ecosystem on these neglected agricultural plots<\/strong>. This project should eventually produce timber and has many benefits:<\/p>\n\n<ul class=\"wp-block-list\">\n<li>Socio-economic : 33%<\/li>\n\n\n\n<li>Soil preservation : 100%<\/li>\n\n\n\n<li>Biodiversity : 87.5%<\/li>\n\n\n\n<li>Water : 8%<\/li>\n<\/ul>\n\n<p><strong>Data4 financed 98% of the tonnes sequestered by the project, i.e. 1760 TCO2<\/strong>. In total, 9802 trees were planted. The variety of tree species, the leafy borders and the planting of an alley of melliferous fruit trees provide a rather remarkable specific richness for the fauna and flora. In addition, this project has promoted local employment by employing a construction company located 40km from the forest site.<\/p>\n\n<p>The second planting project carried out in 2022 is located in\u00a0<strong>Saint-Cyr-Le-Gravelais (Mayenne department)<\/strong>. This afforestation project on agricultural land was carried out over an area of 5.3 hectares. Through this project, the owner wished to transform unused grassland into wooded plots in order to produce quality wood. The benefits are numerous :<\/p>\n\n<ul class=\"wp-block-list\">\n<li>Socio-economic : 30%<\/li>\n\n\n\n<li>Soil conservation : 50%<\/li>\n\n\n\n<li>Biodiversity : 87%<\/li>\n<\/ul>\n<div class=\"wp-block-image\">\n<figure class=\"aligncenter size-full is-resized\"><img loading=\"lazy\" decoding=\"async\" src=\"https:\/\/www.data4group.com\/wp-content\/uploads\/2023\/03\/image-5.png\" alt=\"Photo afforestation project on agricultural land in Saint-Cyr-Le-Gravelais&#13;&#10;\" class=\"wp-image-15804\" width=\"560\" height=\"320\" srcset=\"https:\/\/www.data4group.com\/wp-content\/uploads\/2023\/03\/image-5.png 712w, https:\/\/www.data4group.com\/wp-content\/uploads\/2023\/03\/image-5-300x171.png 300w\" sizes=\"auto, (max-width: 560px) 100vw, 560px\" \/><\/figure><\/div>\n<p><strong>Data4 financed 97% of the tonnes sequestered by the project, i.e. 996 tonnes of CO2e<\/strong>. In total, 8400 trees were planted. The wide variety of species planted (oak, downy oak, walnut, medlar, locust, apple and hornbeam) provide a remarkable specific richness for the fauna and flora. In addition, PEFC certification guarantees sustainable forest management.<\/p>\n\n<h2 class=\"wp-block-heading\"><h2 class=\"wp-block-heading\"><strong>\u2026AND 2023<\/strong><\/h2><\/h2>\n\n<p><strong>Two new plantation projects will be launched in 2023<\/strong>\u00a0and will enable Data4 to continue its efforts to sequester the equivalent of the GHG emissions of scopes 1 and 2 in 2022.<\/p>\n\n<p>The first project selected by Fransylva Services in<strong>\u00a0Saint-Jean-sur-Vilaine (Ille-et-Vilaine department)<\/strong>\u00a0concerns an afforestation programme on agricultural land of 9 hectares and 26 ares. Planting began this winter 2022; a total of 14,900 trees will be planted. Among the species chosen: 60% sessile oak, 11% beech, 4% red oak, 9% Nordmann fir, 4% chestnut and 0.3% tulip tree.<\/p>\n\n<p>Carbon storage potential:\u00a0<strong>1999 tonnes CO2e over 30 years<\/strong>\u00a0and\u00a0<strong>Data4 has committed to funding 100% of this tonnage<\/strong>.<\/p>\n\n<p>Received on 5 July 2022, the PEFC label certifies the sustainable management of this forest and promotes a balance between environmental, societal and economic dimensions.<\/p>\n\n<p>Another benefit of this project is the socio-economic impact, as the site is located close to a forestry company (18km), which promotes local employment.<\/p>\n\n<p><strong>The second project selected for 2023<\/strong>\u00a0concerns the afforestation of 4ha of agricultural land located in\u00a0<strong>Saint-Mars-de-Coutais (Loire-Atlantique department)<\/strong>. Planting will start in autumn 2023 and a total of 4800 trees will be planted.<\/p>\n\n<p>The carbon storage potential is significant:\u00a0<strong>1100 tonnes of CO2 eq over 30 years and Data 4 has committed to financing 69% of this tonnage, i.e. 760 tonnes of CO2 eq.<\/strong><\/p>\n\n<p>Read our CSR\u00a0<a href=\"https:\/\/www.data4group.com\/en\/?post_type=ressources&#038;p=14952\" target=\"_blank\" rel=\"noreferrer noopener\">report here<\/a><\/p>\n","protected":false},"excerpt":{"rendered":"<p>On the occasion of the\u00a0International Day of Forests on 21 March, Data4 provides an update on its current commitments and projects in the area of forest preservation, a key part of its environmental strategy. The Data4 group has long been committed to a dynamic environmental approach and intends to\u00a0balance digital transition and sustainable development\u00a0through its [&hellip;]<\/p>\n","protected":false},"author":18,"featured_media":15816,"comment_status":"closed","ping_status":"closed","sticky":false,"template":"","format":"standard","meta":{"_acf_changed":false,"footnotes":""},"categories":[40,242],"tags":[],"class_list":["post-17577","post","type-post","status-publish","format-standard","has-post-thumbnail","hentry","category-csr","category-news-data4"],"acf":[],"yoast_head":"<!-- This site is optimized with the Yoast SEO plugin v27.4 - https:\/\/yoast.com\/product\/yoast-seo-wordpress\/ -->\n<title>Data4 accelerates its contribution to global carbon neutrality<\/title>\n<meta name=\"description\" content=\"On the occasion of the International Day of Forests, Data4 provides an update on its current commitments and projects in the area of forest preservation\" \/>\n<meta name=\"robots\" content=\"index, follow, max-snippet:-1, max-image-preview:large, max-video-preview:-1\" \/>\n<link rel=\"canonical\" href=\"https:\/\/www.data4group.com\/en\/csr\/data4-accelerates-its-contribution-to-global-carbon-neutrality\/\" \/>\n<meta property=\"og:locale\" content=\"en_US\" \/>\n<meta property=\"og:type\" content=\"article\" \/>\n<meta property=\"og:title\" content=\"Data4 accelerates its contribution to global carbon neutrality\" \/>\n<meta property=\"og:description\" content=\"On the occasion of the International Day of Forests, Data4 provides an update on its current commitments and projects in the area of forest preservation\" \/>\n<meta property=\"og:url\" content=\"https:\/\/www.data4group.com\/en\/csr\/data4-accelerates-its-contribution-to-global-carbon-neutrality\/\" \/>\n<meta property=\"og:site_name\" content=\"DATA4 - Smart Data Centers at Scale\" \/>\n<meta property=\"article:published_time\" content=\"2023-03-17T12:34:14+00:00\" \/>\n<meta property=\"article:modified_time\" content=\"2023-06-02T08:36:37+00:00\" \/>\n<meta property=\"og:image\" content=\"https:\/\/www.data4group.com\/wp-content\/uploads\/2023\/03\/Arbre-1024x489.jpg\" \/>\n\t<meta property=\"og:image:width\" content=\"1024\" \/>\n\t<meta property=\"og:image:height\" content=\"489\" \/>\n\t<meta property=\"og:image:type\" content=\"image\/jpeg\" \/>\n<meta name=\"author\" content=\"Anne-Sophie David\" \/>\n<meta name=\"twitter:card\" content=\"summary_large_image\" \/>\n<meta name=\"twitter:label1\" content=\"Written by\" \/>\n\t<meta name=\"twitter:data1\" content=\"Anne-Sophie David\" \/>\n\t<meta name=\"twitter:label2\" content=\"Est. reading time\" \/>\n\t<meta name=\"twitter:data2\" content=\"5 minutes\" \/>\n<script type=\"application\/ld+json\" class=\"yoast-schema-graph\">{\"@context\":\"https:\\\/\\\/schema.org\",\"@graph\":[{\"@type\":\"Article\",\"@id\":\"https:\\\/\\\/www.data4group.com\\\/en\\\/csr\\\/data4-accelerates-its-contribution-to-global-carbon-neutrality\\\/#article\",\"isPartOf\":{\"@id\":\"https:\\\/\\\/www.data4group.com\\\/en\\\/csr\\\/data4-accelerates-its-contribution-to-global-carbon-neutrality\\\/\"},\"author\":{\"name\":\"Anne-Sophie David\",\"@id\":\"https:\\\/\\\/www.data4group.com\\\/en\\\/#\\\/schema\\\/person\\\/718022de842d5a0e4d0a5b1bfacfe188\"},\"headline\":\"Data4 accelerates its contribution to global carbon neutrality\",\"datePublished\":\"2023-03-17T12:34:14+00:00\",\"dateModified\":\"2023-06-02T08:36:37+00:00\",\"mainEntityOfPage\":{\"@id\":\"https:\\\/\\\/www.data4group.com\\\/en\\\/csr\\\/data4-accelerates-its-contribution-to-global-carbon-neutrality\\\/\"},\"wordCount\":939,\"publisher\":{\"@id\":\"https:\\\/\\\/www.data4group.com\\\/en\\\/#organization\"},\"image\":{\"@id\":\"https:\\\/\\\/www.data4group.com\\\/en\\\/csr\\\/data4-accelerates-its-contribution-to-global-carbon-neutrality\\\/#primaryimage\"},\"thumbnailUrl\":\"https:\\\/\\\/www.data4group.com\\\/wp-content\\\/uploads\\\/2023\\\/03\\\/Arbre.jpg\",\"articleSection\":[\"Corporate Social Responsibility\",\"Data4 news\"],\"inLanguage\":\"en-US\"},{\"@type\":\"WebPage\",\"@id\":\"https:\\\/\\\/www.data4group.com\\\/en\\\/csr\\\/data4-accelerates-its-contribution-to-global-carbon-neutrality\\\/\",\"url\":\"https:\\\/\\\/www.data4group.com\\\/en\\\/csr\\\/data4-accelerates-its-contribution-to-global-carbon-neutrality\\\/\",\"name\":\"Data4 accelerates its contribution to global carbon neutrality\",\"isPartOf\":{\"@id\":\"https:\\\/\\\/www.data4group.com\\\/en\\\/#website\"},\"primaryImageOfPage\":{\"@id\":\"https:\\\/\\\/www.data4group.com\\\/en\\\/csr\\\/data4-accelerates-its-contribution-to-global-carbon-neutrality\\\/#primaryimage\"},\"image\":{\"@id\":\"https:\\\/\\\/www.data4group.com\\\/en\\\/csr\\\/data4-accelerates-its-contribution-to-global-carbon-neutrality\\\/#primaryimage\"},\"thumbnailUrl\":\"https:\\\/\\\/www.data4group.com\\\/wp-content\\\/uploads\\\/2023\\\/03\\\/Arbre.jpg\",\"datePublished\":\"2023-03-17T12:34:14+00:00\",\"dateModified\":\"2023-06-02T08:36:37+00:00\",\"description\":\"On the occasion of the International Day of Forests, Data4 provides an update on its current commitments and projects in the area of forest preservation\",\"breadcrumb\":{\"@id\":\"https:\\\/\\\/www.data4group.com\\\/en\\\/csr\\\/data4-accelerates-its-contribution-to-global-carbon-neutrality\\\/#breadcrumb\"},\"inLanguage\":\"en-US\",\"potentialAction\":[{\"@type\":\"ReadAction\",\"target\":[\"https:\\\/\\\/www.data4group.com\\\/en\\\/csr\\\/data4-accelerates-its-contribution-to-global-carbon-neutrality\\\/\"]}]},{\"@type\":\"ImageObject\",\"inLanguage\":\"en-US\",\"@id\":\"https:\\\/\\\/www.data4group.com\\\/en\\\/csr\\\/data4-accelerates-its-contribution-to-global-carbon-neutrality\\\/#primaryimage\",\"url\":\"https:\\\/\\\/www.data4group.com\\\/wp-content\\\/uploads\\\/2023\\\/03\\\/Arbre.jpg\",\"contentUrl\":\"https:\\\/\\\/www.data4group.com\\\/wp-content\\\/uploads\\\/2023\\\/03\\\/Arbre.jpg\",\"width\":8250,\"height\":3941},{\"@type\":\"BreadcrumbList\",\"@id\":\"https:\\\/\\\/www.data4group.com\\\/en\\\/csr\\\/data4-accelerates-its-contribution-to-global-carbon-neutrality\\\/#breadcrumb\",\"itemListElement\":[{\"@type\":\"ListItem\",\"position\":1,\"name\":\"Home\",\"item\":\"https:\\\/\\\/www.data4group.com\\\/en\\\/\"},{\"@type\":\"ListItem\",\"position\":2,\"name\":\"Data4 accelerates its contribution to global carbon neutrality\"}]},{\"@type\":\"WebSite\",\"@id\":\"https:\\\/\\\/www.data4group.com\\\/en\\\/#website\",\"url\":\"https:\\\/\\\/www.data4group.com\\\/en\\\/\",\"name\":\"DATA4 - Smart Data Centers at Scale\",\"description\":\"Smart Data Centers at Scale\",\"publisher\":{\"@id\":\"https:\\\/\\\/www.data4group.com\\\/en\\\/#organization\"},\"potentialAction\":[{\"@type\":\"SearchAction\",\"target\":{\"@type\":\"EntryPoint\",\"urlTemplate\":\"https:\\\/\\\/www.data4group.com\\\/en\\\/?s={search_term_string}\"},\"query-input\":{\"@type\":\"PropertyValueSpecification\",\"valueRequired\":true,\"valueName\":\"search_term_string\"}}],\"inLanguage\":\"en-US\"},{\"@type\":\"Organization\",\"@id\":\"https:\\\/\\\/www.data4group.com\\\/en\\\/#organization\",\"name\":\"DATA4 - Smart datacenters at scale\",\"url\":\"https:\\\/\\\/www.data4group.com\\\/en\\\/\",\"logo\":{\"@type\":\"ImageObject\",\"inLanguage\":\"en-US\",\"@id\":\"https:\\\/\\\/www.data4group.com\\\/en\\\/#\\\/schema\\\/logo\\\/image\\\/\",\"url\":\"https:\\\/\\\/www.data4group.com\\\/wp-content\\\/uploads\\\/2021\\\/10\\\/data4-logo.svg\",\"contentUrl\":\"https:\\\/\\\/www.data4group.com\\\/wp-content\\\/uploads\\\/2021\\\/10\\\/data4-logo.svg\",\"width\":981,\"height\":558,\"caption\":\"DATA4 - Smart datacenters at scale\"},\"image\":{\"@id\":\"https:\\\/\\\/www.data4group.com\\\/en\\\/#\\\/schema\\\/logo\\\/image\\\/\"}},{\"@type\":\"Person\",\"@id\":\"https:\\\/\\\/www.data4group.com\\\/en\\\/#\\\/schema\\\/person\\\/718022de842d5a0e4d0a5b1bfacfe188\",\"name\":\"Anne-Sophie David\",\"image\":{\"@type\":\"ImageObject\",\"inLanguage\":\"en-US\",\"@id\":\"https:\\\/\\\/secure.gravatar.com\\\/avatar\\\/88077e2791076d226a6a9fda5527a3bc31d43ec3b06d8a653e32b72dbe7d991b?s=96&d=mm&r=g\",\"url\":\"https:\\\/\\\/secure.gravatar.com\\\/avatar\\\/88077e2791076d226a6a9fda5527a3bc31d43ec3b06d8a653e32b72dbe7d991b?s=96&d=mm&r=g\",\"contentUrl\":\"https:\\\/\\\/secure.gravatar.com\\\/avatar\\\/88077e2791076d226a6a9fda5527a3bc31d43ec3b06d8a653e32b72dbe7d991b?s=96&d=mm&r=g\",\"caption\":\"Anne-Sophie David\"}}]}<\/script>\n<!-- \/ Yoast SEO plugin. -->","yoast_head_json":{"title":"Data4 accelerates its contribution to global carbon neutrality","description":"On the occasion of the International Day of Forests, Data4 provides an update on its current commitments and projects in the area of forest preservation","robots":{"index":"index","follow":"follow","max-snippet":"max-snippet:-1","max-image-preview":"max-image-preview:large","max-video-preview":"max-video-preview:-1"},"canonical":"https:\/\/www.data4group.com\/en\/csr\/data4-accelerates-its-contribution-to-global-carbon-neutrality\/","og_locale":"en_US","og_type":"article","og_title":"Data4 accelerates its contribution to global carbon neutrality","og_description":"On the occasion of the International Day of Forests, Data4 provides an update on its current commitments and projects in the area of forest preservation","og_url":"https:\/\/www.data4group.com\/en\/csr\/data4-accelerates-its-contribution-to-global-carbon-neutrality\/","og_site_name":"DATA4 - Smart Data Centers at Scale","article_published_time":"2023-03-17T12:34:14+00:00","article_modified_time":"2023-06-02T08:36:37+00:00","og_image":[{"width":1024,"height":489,"url":"https:\/\/www.data4group.com\/wp-content\/uploads\/2023\/03\/Arbre-1024x489.jpg","type":"image\/jpeg"}],"author":"Anne-Sophie David","twitter_card":"summary_large_image","twitter_misc":{"Written by":"Anne-Sophie David","Est. reading time":"5 minutes"},"schema":{"@context":"https:\/\/schema.org","@graph":[{"@type":"Article","@id":"https:\/\/www.data4group.com\/en\/csr\/data4-accelerates-its-contribution-to-global-carbon-neutrality\/#article","isPartOf":{"@id":"https:\/\/www.data4group.com\/en\/csr\/data4-accelerates-its-contribution-to-global-carbon-neutrality\/"},"author":{"name":"Anne-Sophie David","@id":"https:\/\/www.data4group.com\/en\/#\/schema\/person\/718022de842d5a0e4d0a5b1bfacfe188"},"headline":"Data4 accelerates its contribution to global carbon neutrality","datePublished":"2023-03-17T12:34:14+00:00","dateModified":"2023-06-02T08:36:37+00:00","mainEntityOfPage":{"@id":"https:\/\/www.data4group.com\/en\/csr\/data4-accelerates-its-contribution-to-global-carbon-neutrality\/"},"wordCount":939,"publisher":{"@id":"https:\/\/www.data4group.com\/en\/#organization"},"image":{"@id":"https:\/\/www.data4group.com\/en\/csr\/data4-accelerates-its-contribution-to-global-carbon-neutrality\/#primaryimage"},"thumbnailUrl":"https:\/\/www.data4group.com\/wp-content\/uploads\/2023\/03\/Arbre.jpg","articleSection":["Corporate Social Responsibility","Data4 news"],"inLanguage":"en-US"},{"@type":"WebPage","@id":"https:\/\/www.data4group.com\/en\/csr\/data4-accelerates-its-contribution-to-global-carbon-neutrality\/","url":"https:\/\/www.data4group.com\/en\/csr\/data4-accelerates-its-contribution-to-global-carbon-neutrality\/","name":"Data4 accelerates its contribution to global carbon neutrality","isPartOf":{"@id":"https:\/\/www.data4group.com\/en\/#website"},"primaryImageOfPage":{"@id":"https:\/\/www.data4group.com\/en\/csr\/data4-accelerates-its-contribution-to-global-carbon-neutrality\/#primaryimage"},"image":{"@id":"https:\/\/www.data4group.com\/en\/csr\/data4-accelerates-its-contribution-to-global-carbon-neutrality\/#primaryimage"},"thumbnailUrl":"https:\/\/www.data4group.com\/wp-content\/uploads\/2023\/03\/Arbre.jpg","datePublished":"2023-03-17T12:34:14+00:00","dateModified":"2023-06-02T08:36:37+00:00","description":"On the occasion of the International Day of Forests, Data4 provides an update on its current commitments and projects in the area of forest preservation","breadcrumb":{"@id":"https:\/\/www.data4group.com\/en\/csr\/data4-accelerates-its-contribution-to-global-carbon-neutrality\/#breadcrumb"},"inLanguage":"en-US","potentialAction":[{"@type":"ReadAction","target":["https:\/\/www.data4group.com\/en\/csr\/data4-accelerates-its-contribution-to-global-carbon-neutrality\/"]}]},{"@type":"ImageObject","inLanguage":"en-US","@id":"https:\/\/www.data4group.com\/en\/csr\/data4-accelerates-its-contribution-to-global-carbon-neutrality\/#primaryimage","url":"https:\/\/www.data4group.com\/wp-content\/uploads\/2023\/03\/Arbre.jpg","contentUrl":"https:\/\/www.data4group.com\/wp-content\/uploads\/2023\/03\/Arbre.jpg","width":8250,"height":3941},{"@type":"BreadcrumbList","@id":"https:\/\/www.data4group.com\/en\/csr\/data4-accelerates-its-contribution-to-global-carbon-neutrality\/#breadcrumb","itemListElement":[{"@type":"ListItem","position":1,"name":"Home","item":"https:\/\/www.data4group.com\/en\/"},{"@type":"ListItem","position":2,"name":"Data4 accelerates its contribution to global carbon neutrality"}]},{"@type":"WebSite","@id":"https:\/\/www.data4group.com\/en\/#website","url":"https:\/\/www.data4group.com\/en\/","name":"DATA4 - Smart Data Centers at Scale","description":"Smart Data Centers at Scale","publisher":{"@id":"https:\/\/www.data4group.com\/en\/#organization"},"potentialAction":[{"@type":"SearchAction","target":{"@type":"EntryPoint","urlTemplate":"https:\/\/www.data4group.com\/en\/?s={search_term_string}"},"query-input":{"@type":"PropertyValueSpecification","valueRequired":true,"valueName":"search_term_string"}}],"inLanguage":"en-US"},{"@type":"Organization","@id":"https:\/\/www.data4group.com\/en\/#organization","name":"DATA4 - Smart datacenters at scale","url":"https:\/\/www.data4group.com\/en\/","logo":{"@type":"ImageObject","inLanguage":"en-US","@id":"https:\/\/www.data4group.com\/en\/#\/schema\/logo\/image\/","url":"https:\/\/www.data4group.com\/wp-content\/uploads\/2021\/10\/data4-logo.svg","contentUrl":"https:\/\/www.data4group.com\/wp-content\/uploads\/2021\/10\/data4-logo.svg","width":981,"height":558,"caption":"DATA4 - Smart datacenters at scale"},"image":{"@id":"https:\/\/www.data4group.com\/en\/#\/schema\/logo\/image\/"}},{"@type":"Person","@id":"https:\/\/www.data4group.com\/en\/#\/schema\/person\/718022de842d5a0e4d0a5b1bfacfe188","name":"Anne-Sophie David","image":{"@type":"ImageObject","inLanguage":"en-US","@id":"https:\/\/secure.gravatar.com\/avatar\/88077e2791076d226a6a9fda5527a3bc31d43ec3b06d8a653e32b72dbe7d991b?s=96&d=mm&r=g","url":"https:\/\/secure.gravatar.com\/avatar\/88077e2791076d226a6a9fda5527a3bc31d43ec3b06d8a653e32b72dbe7d991b?s=96&d=mm&r=g","contentUrl":"https:\/\/secure.gravatar.com\/avatar\/88077e2791076d226a6a9fda5527a3bc31d43ec3b06d8a653e32b72dbe7d991b?s=96&d=mm&r=g","caption":"Anne-Sophie David"}}]}},"_links":{"self":[{"href":"https:\/\/www.data4group.com\/en\/wp-json\/wp\/v2\/posts\/17577","targetHints":{"allow":["GET"]}}],"collection":[{"href":"https:\/\/www.data4group.com\/en\/wp-json\/wp\/v2\/posts"}],"about":[{"href":"https:\/\/www.data4group.com\/en\/wp-json\/wp\/v2\/types\/post"}],"author":[{"embeddable":true,"href":"https:\/\/www.data4group.com\/en\/wp-json\/wp\/v2\/users\/18"}],"replies":[{"embeddable":true,"href":"https:\/\/www.data4group.com\/en\/wp-json\/wp\/v2\/comments?post=17577"}],"version-history":[{"count":0,"href":"https:\/\/www.data4group.com\/en\/wp-json\/wp\/v2\/posts\/17577\/revisions"}],"wp:featuredmedia":[{"embeddable":true,"href":"https:\/\/www.data4group.com\/en\/wp-json\/wp\/v2\/media\/15816"}],"wp:attachment":[{"href":"https:\/\/www.data4group.com\/en\/wp-json\/wp\/v2\/media?parent=17577"}],"wp:term":[{"taxonomy":"category","embeddable":true,"href":"https:\/\/www.data4group.com\/en\/wp-json\/wp\/v2\/categories?post=17577"},{"taxonomy":"post_tag","embeddable":true,"href":"https:\/\/www.data4group.com\/en\/wp-json\/wp\/v2\/tags?post=17577"}],"curies":[{"name":"wp","href":"https:\/\/api.w.org\/{rel}","templated":true}]}}